{"id":135793,"date":"2025-10-17T23:00:25","date_gmt":"2025-10-17T21:00:25","guid":{"rendered":"https:\/\/cappiello.fr\/et-soudain-le-champagne-a-epernay\/"},"modified":"2025-10-17T23:00:25","modified_gmt":"2025-10-17T21:00:25","slug":"et-soudain-le-champagne-a-epernay","status":"publish","type":"post","link":"https:\/\/cappiello.fr\/en\/et-soudain-le-champagne-a-epernay\/","title":{"rendered":"\u00ab Et soudain le champagne ! \u00bb \u00e0 Epernay"},"content":{"rendered":"<p>Cappiello, the spirit of champagne in \u00c9pernay<\/p>\n<p>The &#8220;Et soudain le champagne!&#8221; exhibition celebrates the imaginary world of champagne through art and advertising (Mus\u00e9e du vin de Champagne et d&#8217;Arch\u00e9ologie r\u00e9gionale, \u00c9pernay &#8211; October 15, 2025 to April 16, 2026).<br \/>\nAmong the leading artists, Leonetto Cappiello embodies the effervescence of festive wine: his bold posters for Delbeck or Perrier-Jou\u00ebt convey the joy, modernity and luxury associated with champagne.<\/p>\n<p>The event highlights the role of creators like Cappiello in the construction of a visual myth that has become universal.<br \/>\n<a href=\"https:\/\/archeochampagne.epernay.fr\/2025\/09\/04\/et-soudain-le-champagne\/\" target=\"_blank\" rel=\"noopener\">https:\/\/archeochampagne.epernay.fr\/2025\/09\/04\/et-soudain-le-champagne\/<\/a><\/p>\n","protected":false},"excerpt":{"rendered":"<p>Cappiello, the spirit of champagne in \u00c9pernay The &#8220;Et soudain  [&#8230;]<\/p>\n","protected":false},"author":1,"featured_media":132278,"comment_status":"open","ping_status":"open","sticky":false,"template":"","format":"standard","meta":{"_acf_changed":false,"footnotes":""},"categories":[4016],"tags":[],"class_list":["post-135793","post","type-post","status-publish","format-standard","has-post-thumbnail","hentry","category-exhibition"],"acf":[],"yoast_head":"<!-- This site is optimized with the Yoast SEO Premium plugin v27.0 (Yoast SEO v27.4) - https:\/\/yoast.com\/product\/yoast-seo-premium-wordpress\/ -->\n<title>\u00ab Et soudain le champagne ! \u00bb \u00e0 Epernay - Catalogue raisonn\u00e9 de Leonetto Cappiello<\/title>\n<meta name=\"robots\" content=\"index, follow, max-snippet:-1, max-image-preview:large, max-video-preview:-1\" \/>\n<link rel=\"canonical\" href=\"https:\/\/cappiello.fr\/en\/et-soudain-le-champagne-a-epernay\/\" \/>\n<meta property=\"og:locale\" content=\"en_US\" \/>\n<meta property=\"og:type\" content=\"article\" \/>\n<meta property=\"og:title\" content=\"\u00ab Et soudain le champagne ! \u00bb \u00e0 Epernay\" \/>\n<meta property=\"og:description\" content=\"Cappiello, the spirit of champagne in \u00c9pernay The &#8220;Et soudain [...]\" \/>\n<meta property=\"og:url\" content=\"https:\/\/cappiello.fr\/en\/et-soudain-le-champagne-a-epernay\/\" \/>\n<meta property=\"og:site_name\" content=\"Catalogue raisonn\u00e9 de Leonetto Cappiello\" \/>\n<meta property=\"article:published_time\" content=\"2025-10-17T21:00:25+00:00\" \/>\n<meta property=\"og:image\" content=\"https:\/\/cappiello.fr\/wp-content\/uploads\/2024\/10\/Maquette-affiche-publicitaire-champagne-13-cappiello-1902.jpg\" \/>\n\t<meta property=\"og:image:width\" content=\"572\" \/>\n\t<meta property=\"og:image:height\" content=\"800\" \/>\n\t<meta property=\"og:image:type\" content=\"image\/jpeg\" \/>\n<meta name=\"author\" content=\"julien\" \/>\n<meta name=\"twitter:card\" content=\"summary_large_image\" \/>\n<meta name=\"twitter:label1\" content=\"Written by\" \/>\n\t<meta name=\"twitter:data1\" content=\"julien\" \/>\n<script type=\"application\/ld+json\" class=\"yoast-schema-graph\">{\"@context\":\"https:\\\/\\\/schema.org\",\"@graph\":[{\"@type\":\"Article\",\"@id\":\"https:\\\/\\\/cappiello.fr\\\/en\\\/et-soudain-le-champagne-a-epernay\\\/#article\",\"isPartOf\":{\"@id\":\"https:\\\/\\\/cappiello.fr\\\/en\\\/et-soudain-le-champagne-a-epernay\\\/\"},\"author\":{\"name\":\"julien\",\"@id\":\"https:\\\/\\\/cappiello.fr\\\/en\\\/#\\\/schema\\\/person\\\/bce76eba1201519ad2c5f31816668d87\"},\"headline\":\"\u00ab Et soudain le champagne ! \u00bb \u00e0 Epernay\",\"datePublished\":\"2025-10-17T21:00:25+00:00\",\"mainEntityOfPage\":{\"@id\":\"https:\\\/\\\/cappiello.fr\\\/en\\\/et-soudain-le-champagne-a-epernay\\\/\"},\"wordCount\":99,\"commentCount\":0,\"image\":{\"@id\":\"https:\\\/\\\/cappiello.fr\\\/en\\\/et-soudain-le-champagne-a-epernay\\\/#primaryimage\"},\"thumbnailUrl\":\"https:\\\/\\\/cappiello.fr\\\/wp-content\\\/uploads\\\/2024\\\/10\\\/Maquette-affiche-publicitaire-champagne-13-cappiello-1902.jpg\",\"articleSection\":[\"Exhibition\"],\"inLanguage\":\"en-US\",\"potentialAction\":[{\"@type\":\"CommentAction\",\"name\":\"Comment\",\"target\":[\"https:\\\/\\\/cappiello.fr\\\/en\\\/et-soudain-le-champagne-a-epernay\\\/#respond\"]}]},{\"@type\":\"WebPage\",\"@id\":\"https:\\\/\\\/cappiello.fr\\\/en\\\/et-soudain-le-champagne-a-epernay\\\/\",\"url\":\"https:\\\/\\\/cappiello.fr\\\/en\\\/et-soudain-le-champagne-a-epernay\\\/\",\"name\":\"\u00ab Et soudain le champagne ! \u00bb \u00e0 Epernay - Catalogue raisonn\u00e9 de Leonetto Cappiello\",\"isPartOf\":{\"@id\":\"https:\\\/\\\/cappiello.fr\\\/en\\\/#website\"},\"primaryImageOfPage\":{\"@id\":\"https:\\\/\\\/cappiello.fr\\\/en\\\/et-soudain-le-champagne-a-epernay\\\/#primaryimage\"},\"image\":{\"@id\":\"https:\\\/\\\/cappiello.fr\\\/en\\\/et-soudain-le-champagne-a-epernay\\\/#primaryimage\"},\"thumbnailUrl\":\"https:\\\/\\\/cappiello.fr\\\/wp-content\\\/uploads\\\/2024\\\/10\\\/Maquette-affiche-publicitaire-champagne-13-cappiello-1902.jpg\",\"datePublished\":\"2025-10-17T21:00:25+00:00\",\"author\":{\"@id\":\"https:\\\/\\\/cappiello.fr\\\/en\\\/#\\\/schema\\\/person\\\/bce76eba1201519ad2c5f31816668d87\"},\"breadcrumb\":{\"@id\":\"https:\\\/\\\/cappiello.fr\\\/en\\\/et-soudain-le-champagne-a-epernay\\\/#breadcrumb\"},\"inLanguage\":\"en-US\",\"potentialAction\":[{\"@type\":\"ReadAction\",\"target\":[\"https:\\\/\\\/cappiello.fr\\\/en\\\/et-soudain-le-champagne-a-epernay\\\/\"]}]},{\"@type\":\"ImageObject\",\"inLanguage\":\"en-US\",\"@id\":\"https:\\\/\\\/cappiello.fr\\\/en\\\/et-soudain-le-champagne-a-epernay\\\/#primaryimage\",\"url\":\"https:\\\/\\\/cappiello.fr\\\/wp-content\\\/uploads\\\/2024\\\/10\\\/Maquette-affiche-publicitaire-champagne-13-cappiello-1902.jpg\",\"contentUrl\":\"https:\\\/\\\/cappiello.fr\\\/wp-content\\\/uploads\\\/2024\\\/10\\\/Maquette-affiche-publicitaire-champagne-13-cappiello-1902.jpg\",\"width\":572,\"height\":800,\"caption\":\"Champagne\"},{\"@type\":\"BreadcrumbList\",\"@id\":\"https:\\\/\\\/cappiello.fr\\\/en\\\/et-soudain-le-champagne-a-epernay\\\/#breadcrumb\",\"itemListElement\":[{\"@type\":\"ListItem\",\"position\":1,\"name\":\"Accueil\",\"item\":\"https:\\\/\\\/cappiello.fr\\\/en\\\/\"},{\"@type\":\"ListItem\",\"position\":2,\"name\":\"\u00ab Et soudain le champagne ! \u00bb \u00e0 Epernay\"}]},{\"@type\":\"WebSite\",\"@id\":\"https:\\\/\\\/cappiello.fr\\\/en\\\/#website\",\"url\":\"https:\\\/\\\/cappiello.fr\\\/en\\\/\",\"name\":\"Catalogue raisonn\u00e9 de Leonetto Cappiello\",\"description\":\"Plongez dans l&#039;univers de Leonetto Cappiello, le p\u00e8re de la publicit\u00e9 moderne\",\"potentialAction\":[{\"@type\":\"SearchAction\",\"target\":{\"@type\":\"EntryPoint\",\"urlTemplate\":\"https:\\\/\\\/cappiello.fr\\\/en\\\/?s={search_term_string}\"},\"query-input\":{\"@type\":\"PropertyValueSpecification\",\"valueRequired\":true,\"valueName\":\"search_term_string\"}}],\"inLanguage\":\"en-US\"},{\"@type\":\"Person\",\"@id\":\"https:\\\/\\\/cappiello.fr\\\/en\\\/#\\\/schema\\\/person\\\/bce76eba1201519ad2c5f31816668d87\",\"name\":\"julien\",\"image\":{\"@type\":\"ImageObject\",\"inLanguage\":\"en-US\",\"@id\":\"https:\\\/\\\/cappiello.fr\\\/wp-content\\\/litespeed\\\/avatar\\\/44f6415bded430526d6ee5359f972da5.jpg?ver=1777325712\",\"url\":\"https:\\\/\\\/cappiello.fr\\\/wp-content\\\/litespeed\\\/avatar\\\/44f6415bded430526d6ee5359f972da5.jpg?ver=1777325712\",\"contentUrl\":\"https:\\\/\\\/cappiello.fr\\\/wp-content\\\/litespeed\\\/avatar\\\/44f6415bded430526d6ee5359f972da5.jpg?ver=1777325712\",\"caption\":\"julien\"},\"sameAs\":[\"http:\\\/\\\/catalogue2.cappiello.fr\"],\"url\":\"https:\\\/\\\/cappiello.fr\\\/en\\\/author\\\/admin3260\\\/\"}]}<\/script>\n<!-- \/ Yoast SEO Premium plugin. -->","yoast_head_json":{"title":"\u00ab Et soudain le champagne ! \u00bb \u00e0 Epernay - Catalogue raisonn\u00e9 de Leonetto Cappiello","robots":{"index":"index","follow":"follow","max-snippet":"max-snippet:-1","max-image-preview":"max-image-preview:large","max-video-preview":"max-video-preview:-1"},"canonical":"https:\/\/cappiello.fr\/en\/et-soudain-le-champagne-a-epernay\/","og_locale":"en_US","og_type":"article","og_title":"\u00ab Et soudain le champagne ! \u00bb \u00e0 Epernay","og_description":"Cappiello, the spirit of champagne in \u00c9pernay The &#8220;Et soudain [...]","og_url":"https:\/\/cappiello.fr\/en\/et-soudain-le-champagne-a-epernay\/","og_site_name":"Catalogue raisonn\u00e9 de Leonetto Cappiello","article_published_time":"2025-10-17T21:00:25+00:00","og_image":[{"width":572,"height":800,"url":"https:\/\/cappiello.fr\/wp-content\/uploads\/2024\/10\/Maquette-affiche-publicitaire-champagne-13-cappiello-1902.jpg","type":"image\/jpeg"}],"author":"julien","twitter_card":"summary_large_image","twitter_misc":{"Written by":"julien"},"schema":{"@context":"https:\/\/schema.org","@graph":[{"@type":"Article","@id":"https:\/\/cappiello.fr\/en\/et-soudain-le-champagne-a-epernay\/#article","isPartOf":{"@id":"https:\/\/cappiello.fr\/en\/et-soudain-le-champagne-a-epernay\/"},"author":{"name":"julien","@id":"https:\/\/cappiello.fr\/en\/#\/schema\/person\/bce76eba1201519ad2c5f31816668d87"},"headline":"\u00ab Et soudain le champagne ! \u00bb \u00e0 Epernay","datePublished":"2025-10-17T21:00:25+00:00","mainEntityOfPage":{"@id":"https:\/\/cappiello.fr\/en\/et-soudain-le-champagne-a-epernay\/"},"wordCount":99,"commentCount":0,"image":{"@id":"https:\/\/cappiello.fr\/en\/et-soudain-le-champagne-a-epernay\/#primaryimage"},"thumbnailUrl":"https:\/\/cappiello.fr\/wp-content\/uploads\/2024\/10\/Maquette-affiche-publicitaire-champagne-13-cappiello-1902.jpg","articleSection":["Exhibition"],"inLanguage":"en-US","potentialAction":[{"@type":"CommentAction","name":"Comment","target":["https:\/\/cappiello.fr\/en\/et-soudain-le-champagne-a-epernay\/#respond"]}]},{"@type":"WebPage","@id":"https:\/\/cappiello.fr\/en\/et-soudain-le-champagne-a-epernay\/","url":"https:\/\/cappiello.fr\/en\/et-soudain-le-champagne-a-epernay\/","name":"\u00ab Et soudain le champagne ! \u00bb \u00e0 Epernay - Catalogue raisonn\u00e9 de Leonetto Cappiello","isPartOf":{"@id":"https:\/\/cappiello.fr\/en\/#website"},"primaryImageOfPage":{"@id":"https:\/\/cappiello.fr\/en\/et-soudain-le-champagne-a-epernay\/#primaryimage"},"image":{"@id":"https:\/\/cappiello.fr\/en\/et-soudain-le-champagne-a-epernay\/#primaryimage"},"thumbnailUrl":"https:\/\/cappiello.fr\/wp-content\/uploads\/2024\/10\/Maquette-affiche-publicitaire-champagne-13-cappiello-1902.jpg","datePublished":"2025-10-17T21:00:25+00:00","author":{"@id":"https:\/\/cappiello.fr\/en\/#\/schema\/person\/bce76eba1201519ad2c5f31816668d87"},"breadcrumb":{"@id":"https:\/\/cappiello.fr\/en\/et-soudain-le-champagne-a-epernay\/#breadcrumb"},"inLanguage":"en-US","potentialAction":[{"@type":"ReadAction","target":["https:\/\/cappiello.fr\/en\/et-soudain-le-champagne-a-epernay\/"]}]},{"@type":"ImageObject","inLanguage":"en-US","@id":"https:\/\/cappiello.fr\/en\/et-soudain-le-champagne-a-epernay\/#primaryimage","url":"https:\/\/cappiello.fr\/wp-content\/uploads\/2024\/10\/Maquette-affiche-publicitaire-champagne-13-cappiello-1902.jpg","contentUrl":"https:\/\/cappiello.fr\/wp-content\/uploads\/2024\/10\/Maquette-affiche-publicitaire-champagne-13-cappiello-1902.jpg","width":572,"height":800,"caption":"Champagne"},{"@type":"BreadcrumbList","@id":"https:\/\/cappiello.fr\/en\/et-soudain-le-champagne-a-epernay\/#breadcrumb","itemListElement":[{"@type":"ListItem","position":1,"name":"Accueil","item":"https:\/\/cappiello.fr\/en\/"},{"@type":"ListItem","position":2,"name":"\u00ab Et soudain le champagne ! \u00bb \u00e0 Epernay"}]},{"@type":"WebSite","@id":"https:\/\/cappiello.fr\/en\/#website","url":"https:\/\/cappiello.fr\/en\/","name":"Catalogue raisonn\u00e9 de Leonetto Cappiello","description":"Plongez dans l&#039;univers de Leonetto Cappiello, le p\u00e8re de la publicit\u00e9 moderne","potentialAction":[{"@type":"SearchAction","target":{"@type":"EntryPoint","urlTemplate":"https:\/\/cappiello.fr\/en\/?s={search_term_string}"},"query-input":{"@type":"PropertyValueSpecification","valueRequired":true,"valueName":"search_term_string"}}],"inLanguage":"en-US"},{"@type":"Person","@id":"https:\/\/cappiello.fr\/en\/#\/schema\/person\/bce76eba1201519ad2c5f31816668d87","name":"julien","image":{"@type":"ImageObject","inLanguage":"en-US","@id":"https:\/\/cappiello.fr\/wp-content\/litespeed\/avatar\/44f6415bded430526d6ee5359f972da5.jpg?ver=1777325712","url":"https:\/\/cappiello.fr\/wp-content\/litespeed\/avatar\/44f6415bded430526d6ee5359f972da5.jpg?ver=1777325712","contentUrl":"https:\/\/cappiello.fr\/wp-content\/litespeed\/avatar\/44f6415bded430526d6ee5359f972da5.jpg?ver=1777325712","caption":"julien"},"sameAs":["http:\/\/catalogue2.cappiello.fr"],"url":"https:\/\/cappiello.fr\/en\/author\/admin3260\/"}]}},"_links":{"self":[{"href":"https:\/\/cappiello.fr\/en\/wp-json\/wp\/v2\/posts\/135793","targetHints":{"allow":["GET"]}}],"collection":[{"href":"https:\/\/cappiello.fr\/en\/wp-json\/wp\/v2\/posts"}],"about":[{"href":"https:\/\/cappiello.fr\/en\/wp-json\/wp\/v2\/types\/post"}],"author":[{"embeddable":true,"href":"https:\/\/cappiello.fr\/en\/wp-json\/wp\/v2\/users\/1"}],"replies":[{"embeddable":true,"href":"https:\/\/cappiello.fr\/en\/wp-json\/wp\/v2\/comments?post=135793"}],"version-history":[{"count":0,"href":"https:\/\/cappiello.fr\/en\/wp-json\/wp\/v2\/posts\/135793\/revisions"}],"wp:featuredmedia":[{"embeddable":true,"href":"https:\/\/cappiello.fr\/en\/wp-json\/wp\/v2\/media\/132278"}],"wp:attachment":[{"href":"https:\/\/cappiello.fr\/en\/wp-json\/wp\/v2\/media?parent=135793"}],"wp:term":[{"taxonomy":"category","embeddable":true,"href":"https:\/\/cappiello.fr\/en\/wp-json\/wp\/v2\/categories?post=135793"},{"taxonomy":"post_tag","embeddable":true,"href":"https:\/\/cappiello.fr\/en\/wp-json\/wp\/v2\/tags?post=135793"}],"curies":[{"name":"wp","href":"https:\/\/api.w.org\/{rel}","templated":true}]}}